{"id":3226,"date":"2026-09-02T16:23:29","date_gmt":"2026-09-02T16:23:29","guid":{"rendered":"https:\/\/heklan.is\/?p=3226"},"modified":"2026-09-02T16:24:28","modified_gmt":"2026-09-02T16:24:28","slug":"opid-fyrir-umsoknir-i-styrktarsjod-fyrir-smaerri-fyrirtaeki-i-grindavik","status":"publish","type":"post","link":"https:\/\/heklan.is\/en\/2026\/09\/02\/opid-fyrir-umsoknir-i-styrktarsjod-fyrir-smaerri-fyrirtaeki-i-grindavik\/","title":{"rendered":"Applications are now open for the Grindav\u00edk Small Business Grant Fund."},"content":{"rendered":"<h2 id=\"opid-fyrir-umsoknir-i-soknarsjod-fyrir-smaerri-fyrirtaeki-i-grindavik\" class=\"wp-block-heading\">Opi\u00f0 fyrir ums\u00f3knir \u00ed S\u00f3knarsj\u00f3\u00f0 fyrir sm\u00e6rri fyrirt\u00e6ki \u00ed Grindav\u00edk<\/h2>\n\n\n\n<p class=\"wp-block-paragraph\">Bygg\u00f0astofnun augl\u00fdsir eftir ums\u00f3knum um styrki \u00far S\u00f3knarsj\u00f3\u00f0 fyrir sm\u00e6rri fyrirt\u00e6ki \u00ed Grindav\u00edk. Tilgangur S\u00f3knarsj\u00f3\u00f0s er a\u00f0 sty\u00f0ja vi\u00f0 sm\u00e6rri atvinnurekendur \u00ed Grindav\u00edk me\u00f0 \u00fea\u00f0 a\u00f0 markmi\u00f0i a\u00f0 horfa megi til framt\u00ed\u00f0ar \u00ed rekstri.<\/p>\n\n\n\n<p class=\"wp-block-paragraph\"><strong>Ums\u00f3knarfrestur er til kl. 16:00, 10. september 2026<\/strong><a href=\"file:\/\/\/C:\/Users\/gudbjorg\/AppData\/Local\/Microsoft\/Windows\/INetCache\/Content.Outlook\/PLKTFU02\/S%C3%B3knarsj%C3%B3%C3%B0ur2%20-%20fr%C3%A9tt.docx#_msocom_1\"><\/a><\/p>\n\n\n\n<p class=\"wp-block-paragraph\">Upphaflega voru 180 m.kr. sett \u00ed S\u00f3knarsj\u00f3\u00f0. \u00cd n\u00f3vember 2025 f\u00f3r fram fyrri \u00fathlutun \u00far sj\u00f3\u00f0num og n\u00e1mu sam\u00feykktir styrkir 130,4 m.kr. Ver\u00f0ur n\u00fa eftirst\u00f6\u00f0vum af \u00feeim fj\u00e1rmunum sem r\u00e1\u00f0stafa\u00f0 var \u00ed verkefni\u00f0 \u00fathluta\u00f0.<img decoding=\"async\" src=\"https:\/\/www.byggdastofnun.is\/static\/files\/Soknarsjodur\/b_nr_755_2026-reglur-um-soknarsjod.pdf\" alt=\"\"><\/p>\n\n\n\n<p class=\"wp-block-paragraph\">\u00cd ums\u00f3knum skal m.a. koma fram til hvers styrkurinn er \u00e6tla\u00f0ur og hvernig hann muni koma til me\u00f0 a\u00f0 n\u00fdtast til \u00e1framhaldandi reksturs.&nbsp;&nbsp;<\/p>\n\n\n\n<p class=\"wp-block-paragraph\">Styrkh\u00e6f eru fyrirt\u00e6ki sem voru me\u00f0 starfsemi \u00ed Grindav\u00edk 10. n\u00f3vember 2023 og fulln\u00e6gja a\u00f0 \u00f6\u00f0ru leyti skilyr\u00f0um reglna um S\u00f3knarsj\u00f3\u00f0.<\/p>\n\n\n\n<p class=\"wp-block-paragraph\">Styrkur er veittur \u00ed eftirfarandi tilgangi:<\/p>\n\n\n\n<ol start=\"1\" class=\"wp-block-list\">\n<li>Styrkur til kaupa \u00e1 b\u00fana\u00f0i e\u00f0a t\u00e6kjum til a\u00f0 efla starfsemi \u00ed Grindav\u00edk.<\/li>\n\n\n\n<li>Styrkur til a\u00f0 gera breytingar \u00e1 rekstri \u00ed \u00fev\u00ed skyni a\u00f0 styrkja sto\u00f0ir n\u00faverandi starfsemi.<\/li>\n<\/ol>\n\n\n\n<p class=\"wp-block-paragraph\">Til \u00feess a\u00f0 geta \u00e1tt r\u00e9tt \u00e1 styrk \u00far sj\u00f3\u00f0num skal ums\u00e6kjandi uppfylla \u00f6ll eftirfarandi skilyr\u00f0i:<\/p>\n\n\n\n<ol start=\"1\" class=\"wp-block-list\">\n<li>Hafa veri\u00f0 me\u00f0 starfsemi \u00ed Grindav\u00edk 10. n\u00f3vember 2023.<\/li>\n\n\n\n<li>\u00dea\u00f0 hafi a.m.k. einn starfsmann \u00e1 launaskr\u00e1 \u00feegar ums\u00f3kn er skila\u00f0.<\/li>\n\n\n\n<li>Velta vegna \u00e1rsins 2023 hafi veri\u00f0 undir 250 millj\u00f3num kr.<\/li>\n\n\n\n<li>Ums\u00e6kjandi s\u00e9 ekki \u00ed vanskilum me\u00f0 opinber gj\u00f6ld.<\/li>\n\n\n\n<li>B\u00fa ums\u00e6kjanda hafi ekki veri\u00f0 teki\u00f0 til gjald\u00ferotaskipta.<\/li>\n<\/ol>\n\n\n\n<p class=\"wp-block-paragraph\">Ums\u00e6kjendur geta veri\u00f0 einstaklingar e\u00f0a fyrirt\u00e6ki. H\u00e9r m\u00e1 finna&nbsp;<a href=\"https:\/\/www.byggdastofnun.is\/static\/files\/Soknarsjodur\/b_nr_755_2026-reglur-um-soknarsjod.pdf\" target=\"_blank\" rel=\"noopener\">Reglur um \u00fathlutun Bygg\u00f0astofnunar \u00e1 framl\u00f6gum \u00far S\u00f3knarsj\u00f3\u00f0i.<\/a><img decoding=\"async\" src=\"https:\/\/www.byggdastofnun.is\/static\/files\/Soknarsjodur\/b_nr_755_2026-reglur-um-soknarsjod.pdf\" alt=\"\"><\/p>\n\n\n\n<p class=\"wp-block-paragraph\">Ums\u00f3knum skal skila\u00f0 \u00ed rafr\u00e6num ums\u00f3knarformi \u00ed&nbsp;<a href=\"https:\/\/thjonusta.byggdastofnun.is\/\" target=\"_blank\" rel=\"noopener\">Ums\u00f3knarg\u00e1tt<\/a>&nbsp;Bygg\u00f0astofnunar.<\/p>\n\n\n\n<p class=\"wp-block-paragraph\">&nbsp;N\u00e1nari uppl\u00fdsingar um styrki \u00far s\u00f3knarsj\u00f3\u00f0 veitir P\u00e9tur Fri\u00f0j\u00f3nsson, verkefnastj\u00f3ri S\u00f3knarsj\u00f3\u00f0s (<a href=\"mailto:peturf@byggdastofnun.is\">peturf@byggdastofnun.is<\/a>&nbsp;\/s\u00edmi 455 5400)<\/p>","protected":false},"excerpt":{"rendered":"<p>Opi\u00f0 fyrir ums\u00f3knir \u00ed S\u00f3knarsj\u00f3\u00f0 fyrir sm\u00e6rri fyrirt\u00e6ki \u00ed Grindav\u00edk Bygg\u00f0astofnun augl\u00fdsir eftir ums\u00f3knum um styrki \u00far S\u00f3knarsj\u00f3\u00f0 fyrir sm\u00e6rri fyrirt\u00e6ki \u00ed Grindav\u00edk. Tilgangur S\u00f3knarsj\u00f3\u00f0s er a\u00f0 sty\u00f0ja vi\u00f0 sm\u00e6rri atvinnurekendur \u00ed Grindav\u00edk me\u00f0 \u00fea\u00f0 a\u00f0 markmi\u00f0i a\u00f0 horfa megi til framt\u00ed\u00f0ar \u00ed rekstri. Ums\u00f3knarfrestur er til kl. 16:00, 10. september 2026 Upphaflega voru 180 [&hellip;]<\/p>\n","protected":false},"author":2,"featured_media":3094,"comment_status":"closed","ping_status":"open","sticky":false,"template":"","format":"standard","meta":{"_acf_changed":false,"_gspb_post_css":"","footnotes":""},"categories":[1],"tags":[],"class_list":["post-3226","post","type-post","status-publish","format-standard","has-post-thumbnail","hentry","category-frettir"],"blocksy_meta":{"styles_descriptor":{"styles":{"desktop":"","tablet":"","mobile":""},"google_fonts":[],"version":7}},"acf":[],"yoast_head":"<!-- This site is optimized with the Yoast SEO plugin v28.2 - https:\/\/yoast.com\/product\/yoast-seo-wordpress\/ -->\n<title>Opi\u00f0 fyrir ums\u00f3knir \u00ed s\u00f3knarsj\u00f3\u00f0 fyrir sm\u00e6rri fyrirt\u00e6ki \u00ed Grindav\u00edk - Heklan atvinnu\u00fer\u00f3un<\/title>\n<meta name=\"robots\" content=\"index, follow, max-snippet:-1, max-image-preview:large, max-video-preview:-1\" \/>\n<link rel=\"canonical\" href=\"https:\/\/heklan.is\/en\/2026\/09\/02\/opid-fyrir-umsoknir-i-styrktarsjod-fyrir-smaerri-fyrirtaeki-i-grindavik\/\" \/>\n<meta property=\"og:locale\" content=\"en_US\" \/>\n<meta property=\"og:type\" content=\"article\" \/>\n<meta property=\"og:title\" content=\"Opi\u00f0 fyrir ums\u00f3knir \u00ed s\u00f3knarsj\u00f3\u00f0 fyrir sm\u00e6rri fyrirt\u00e6ki \u00ed Grindav\u00edk - Heklan atvinnu\u00fer\u00f3un\" \/>\n<meta property=\"og:description\" content=\"Opi\u00f0 fyrir ums\u00f3knir \u00ed S\u00f3knarsj\u00f3\u00f0 fyrir sm\u00e6rri fyrirt\u00e6ki \u00ed Grindav\u00edk Bygg\u00f0astofnun augl\u00fdsir eftir ums\u00f3knum um styrki \u00far S\u00f3knarsj\u00f3\u00f0 fyrir sm\u00e6rri fyrirt\u00e6ki \u00ed Grindav\u00edk. Tilgangur S\u00f3knarsj\u00f3\u00f0s er a\u00f0 sty\u00f0ja vi\u00f0 sm\u00e6rri atvinnurekendur \u00ed Grindav\u00edk me\u00f0 \u00fea\u00f0 a\u00f0 markmi\u00f0i a\u00f0 horfa megi til framt\u00ed\u00f0ar \u00ed rekstri. Ums\u00f3knarfrestur er til kl. 16:00, 10. september 2026 Upphaflega voru 180 [&hellip;]\" \/>\n<meta property=\"og:url\" content=\"https:\/\/heklan.is\/en\/2026\/09\/02\/opid-fyrir-umsoknir-i-styrktarsjod-fyrir-smaerri-fyrirtaeki-i-grindavik\/\" \/>\n<meta property=\"og:site_name\" content=\"Heklan atvinnu\u00fer\u00f3un\" \/>\n<meta property=\"article:publisher\" content=\"https:\/\/www.facebook.com\/sudurnes\" \/>\n<meta property=\"article:published_time\" content=\"2026-09-02T16:23:29+00:00\" \/>\n<meta property=\"article:modified_time\" content=\"2026-09-02T16:24:28+00:00\" \/>\n<meta property=\"og:image\" content=\"https:\/\/heklan.is\/wp-content\/uploads\/2026\/05\/20190829_THRAINN_136955-scaled.jpg\" \/>\n\t<meta property=\"og:image:width\" content=\"2560\" \/>\n\t<meta property=\"og:image:height\" content=\"1706\" \/>\n\t<meta property=\"og:image:type\" content=\"image\/jpeg\" \/>\n<meta name=\"author\" content=\"Dagn\u00fd Magg\u00fdjar\" \/>\n<meta name=\"twitter:card\" content=\"summary_large_image\" \/>\n<meta name=\"twitter:label1\" content=\"Written by\" \/>\n\t<meta name=\"twitter:data1\" content=\"Dagn\u00fd Magg\u00fdjar\" \/>\n\t<meta name=\"twitter:label2\" content=\"Est. reading time\" \/>\n\t<meta name=\"twitter:data2\" content=\"2 minutes\" \/>\n<script type=\"application\/ld+json\" class=\"yoast-schema-graph\">{\"@context\":\"https:\\\/\\\/schema.org\",\"@graph\":[{\"@type\":\"Article\",\"@id\":\"https:\\\/\\\/heklan.is\\\/2026\\\/09\\\/02\\\/opid-fyrir-umsoknir-i-styrktarsjod-fyrir-smaerri-fyrirtaeki-i-grindavik\\\/#article\",\"isPartOf\":{\"@id\":\"https:\\\/\\\/heklan.is\\\/2026\\\/09\\\/02\\\/opid-fyrir-umsoknir-i-styrktarsjod-fyrir-smaerri-fyrirtaeki-i-grindavik\\\/\"},\"author\":{\"name\":\"Dagn\u00fd Magg\u00fdjar\",\"@id\":\"https:\\\/\\\/heklan.is\\\/#\\\/schema\\\/person\\\/c5730cd1337af4ad39ac35bf399fa742\"},\"headline\":\"Opi\u00f0 fyrir ums\u00f3knir \u00ed s\u00f3knarsj\u00f3\u00f0 fyrir sm\u00e6rri fyrirt\u00e6ki \u00ed Grindav\u00edk\",\"datePublished\":\"2026-09-02T16:23:29+00:00\",\"dateModified\":\"2026-09-02T16:24:28+00:00\",\"mainEntityOfPage\":{\"@id\":\"https:\\\/\\\/heklan.is\\\/2026\\\/09\\\/02\\\/opid-fyrir-umsoknir-i-styrktarsjod-fyrir-smaerri-fyrirtaeki-i-grindavik\\\/\"},\"wordCount\":341,\"publisher\":{\"@id\":\"https:\\\/\\\/heklan.is\\\/#organization\"},\"image\":{\"@id\":\"https:\\\/\\\/heklan.is\\\/2026\\\/09\\\/02\\\/opid-fyrir-umsoknir-i-styrktarsjod-fyrir-smaerri-fyrirtaeki-i-grindavik\\\/#primaryimage\"},\"thumbnailUrl\":\"https:\\\/\\\/heklan.is\\\/wp-content\\\/uploads\\\/2026\\\/05\\\/20190829_THRAINN_136955-scaled.jpg\",\"articleSection\":[\"Fr\u00e9ttir\"],\"inLanguage\":\"en-US\"},{\"@type\":\"WebPage\",\"@id\":\"https:\\\/\\\/heklan.is\\\/2026\\\/09\\\/02\\\/opid-fyrir-umsoknir-i-styrktarsjod-fyrir-smaerri-fyrirtaeki-i-grindavik\\\/\",\"url\":\"https:\\\/\\\/heklan.is\\\/2026\\\/09\\\/02\\\/opid-fyrir-umsoknir-i-styrktarsjod-fyrir-smaerri-fyrirtaeki-i-grindavik\\\/\",\"name\":\"Opi\u00f0 fyrir ums\u00f3knir \u00ed s\u00f3knarsj\u00f3\u00f0 fyrir sm\u00e6rri fyrirt\u00e6ki \u00ed Grindav\u00edk - Heklan atvinnu\u00fer\u00f3un\",\"isPartOf\":{\"@id\":\"https:\\\/\\\/heklan.is\\\/#website\"},\"primaryImageOfPage\":{\"@id\":\"https:\\\/\\\/heklan.is\\\/2026\\\/09\\\/02\\\/opid-fyrir-umsoknir-i-styrktarsjod-fyrir-smaerri-fyrirtaeki-i-grindavik\\\/#primaryimage\"},\"image\":{\"@id\":\"https:\\\/\\\/heklan.is\\\/2026\\\/09\\\/02\\\/opid-fyrir-umsoknir-i-styrktarsjod-fyrir-smaerri-fyrirtaeki-i-grindavik\\\/#primaryimage\"},\"thumbnailUrl\":\"https:\\\/\\\/heklan.is\\\/wp-content\\\/uploads\\\/2026\\\/05\\\/20190829_THRAINN_136955-scaled.jpg\",\"datePublished\":\"2026-09-02T16:23:29+00:00\",\"dateModified\":\"2026-09-02T16:24:28+00:00\",\"breadcrumb\":{\"@id\":\"https:\\\/\\\/heklan.is\\\/2026\\\/09\\\/02\\\/opid-fyrir-umsoknir-i-styrktarsjod-fyrir-smaerri-fyrirtaeki-i-grindavik\\\/#breadcrumb\"},\"inLanguage\":\"en-US\",\"potentialAction\":[{\"@type\":\"ReadAction\",\"target\":[\"https:\\\/\\\/heklan.is\\\/2026\\\/09\\\/02\\\/opid-fyrir-umsoknir-i-styrktarsjod-fyrir-smaerri-fyrirtaeki-i-grindavik\\\/\"]}]},{\"@type\":\"ImageObject\",\"inLanguage\":\"en-US\",\"@id\":\"https:\\\/\\\/heklan.is\\\/2026\\\/09\\\/02\\\/opid-fyrir-umsoknir-i-styrktarsjod-fyrir-smaerri-fyrirtaeki-i-grindavik\\\/#primaryimage\",\"url\":\"https:\\\/\\\/heklan.is\\\/wp-content\\\/uploads\\\/2026\\\/05\\\/20190829_THRAINN_136955-scaled.jpg\",\"contentUrl\":\"https:\\\/\\\/heklan.is\\\/wp-content\\\/uploads\\\/2026\\\/05\\\/20190829_THRAINN_136955-scaled.jpg\",\"width\":2560,\"height\":1706,\"caption\":\"Captured at Reykjanes on 29 Aug, 2019 by Thrainn Kolbeinsson. THRAINN KOLBEINSSON, ICELAND\"},{\"@type\":\"BreadcrumbList\",\"@id\":\"https:\\\/\\\/heklan.is\\\/2026\\\/09\\\/02\\\/opid-fyrir-umsoknir-i-styrktarsjod-fyrir-smaerri-fyrirtaeki-i-grindavik\\\/#breadcrumb\",\"itemListElement\":[{\"@type\":\"ListItem\",\"position\":1,\"name\":\"Home\",\"item\":\"https:\\\/\\\/heklan.is\\\/\"},{\"@type\":\"ListItem\",\"position\":2,\"name\":\"Opi\u00f0 fyrir ums\u00f3knir \u00ed s\u00f3knarsj\u00f3\u00f0 fyrir sm\u00e6rri fyrirt\u00e6ki \u00ed Grindav\u00edk\"}]},{\"@type\":\"WebSite\",\"@id\":\"https:\\\/\\\/heklan.is\\\/#website\",\"url\":\"https:\\\/\\\/heklan.is\\\/\",\"name\":\"Heklan atvinnu\u00fer\u00f3un\",\"description\":\"\",\"publisher\":{\"@id\":\"https:\\\/\\\/heklan.is\\\/#organization\"},\"alternateName\":\"Heklan\",\"potentialAction\":[{\"@type\":\"SearchAction\",\"target\":{\"@type\":\"EntryPoint\",\"urlTemplate\":\"https:\\\/\\\/heklan.is\\\/?s={search_term_string}\"},\"query-input\":{\"@type\":\"PropertyValueSpecification\",\"valueRequired\":true,\"valueName\":\"search_term_string\"}}],\"inLanguage\":\"en-US\"},{\"@type\":\"Organization\",\"@id\":\"https:\\\/\\\/heklan.is\\\/#organization\",\"name\":\"Heklan atvinnu\u00fer\u00f3un\",\"alternateName\":\"Heklan\",\"url\":\"https:\\\/\\\/heklan.is\\\/\",\"logo\":{\"@type\":\"ImageObject\",\"inLanguage\":\"en-US\",\"@id\":\"https:\\\/\\\/heklan.is\\\/#\\\/schema\\\/logo\\\/image\\\/\",\"url\":\"https:\\\/\\\/heklan.is\\\/wp-content\\\/uploads\\\/2025\\\/09\\\/heklan-logo-dark.png\",\"contentUrl\":\"https:\\\/\\\/heklan.is\\\/wp-content\\\/uploads\\\/2025\\\/09\\\/heklan-logo-dark.png\",\"width\":700,\"height\":143,\"caption\":\"Heklan atvinnu\u00fer\u00f3un\"},\"image\":{\"@id\":\"https:\\\/\\\/heklan.is\\\/#\\\/schema\\\/logo\\\/image\\\/\"},\"sameAs\":[\"https:\\\/\\\/www.facebook.com\\\/sudurnes\"]},{\"@type\":\"Person\",\"@id\":\"https:\\\/\\\/heklan.is\\\/#\\\/schema\\\/person\\\/c5730cd1337af4ad39ac35bf399fa742\",\"name\":\"Dagn\u00fd Magg\u00fdjar\",\"image\":{\"@type\":\"ImageObject\",\"inLanguage\":\"en-US\",\"@id\":\"https:\\\/\\\/secure.gravatar.com\\\/avatar\\\/48ad841a0252eb6dd325e1aa227c4446dd8bc7156019e6c9a3fb0cbb42e078da?s=96&d=mm&r=g\",\"url\":\"https:\\\/\\\/secure.gravatar.com\\\/avatar\\\/48ad841a0252eb6dd325e1aa227c4446dd8bc7156019e6c9a3fb0cbb42e078da?s=96&d=mm&r=g\",\"contentUrl\":\"https:\\\/\\\/secure.gravatar.com\\\/avatar\\\/48ad841a0252eb6dd325e1aa227c4446dd8bc7156019e6c9a3fb0cbb42e078da?s=96&d=mm&r=g\",\"caption\":\"Dagn\u00fd Magg\u00fdjar\"}}]}<\/script>\n<!-- \/ Yoast SEO plugin. -->","yoast_head_json":{"title":"Opi\u00f0 fyrir ums\u00f3knir \u00ed s\u00f3knarsj\u00f3\u00f0 fyrir sm\u00e6rri fyrirt\u00e6ki \u00ed Grindav\u00edk - Heklan atvinnu\u00fer\u00f3un","robots":{"index":"index","follow":"follow","max-snippet":"max-snippet:-1","max-image-preview":"max-image-preview:large","max-video-preview":"max-video-preview:-1"},"canonical":"https:\/\/heklan.is\/en\/2026\/09\/02\/opid-fyrir-umsoknir-i-styrktarsjod-fyrir-smaerri-fyrirtaeki-i-grindavik\/","og_locale":"en_US","og_type":"article","og_title":"Opi\u00f0 fyrir ums\u00f3knir \u00ed s\u00f3knarsj\u00f3\u00f0 fyrir sm\u00e6rri fyrirt\u00e6ki \u00ed Grindav\u00edk - Heklan atvinnu\u00fer\u00f3un","og_description":"Opi\u00f0 fyrir ums\u00f3knir \u00ed S\u00f3knarsj\u00f3\u00f0 fyrir sm\u00e6rri fyrirt\u00e6ki \u00ed Grindav\u00edk Bygg\u00f0astofnun augl\u00fdsir eftir ums\u00f3knum um styrki \u00far S\u00f3knarsj\u00f3\u00f0 fyrir sm\u00e6rri fyrirt\u00e6ki \u00ed Grindav\u00edk. Tilgangur S\u00f3knarsj\u00f3\u00f0s er a\u00f0 sty\u00f0ja vi\u00f0 sm\u00e6rri atvinnurekendur \u00ed Grindav\u00edk me\u00f0 \u00fea\u00f0 a\u00f0 markmi\u00f0i a\u00f0 horfa megi til framt\u00ed\u00f0ar \u00ed rekstri. Ums\u00f3knarfrestur er til kl. 16:00, 10. september 2026 Upphaflega voru 180 [&hellip;]","og_url":"https:\/\/heklan.is\/en\/2026\/09\/02\/opid-fyrir-umsoknir-i-styrktarsjod-fyrir-smaerri-fyrirtaeki-i-grindavik\/","og_site_name":"Heklan atvinnu\u00fer\u00f3un","article_publisher":"https:\/\/www.facebook.com\/sudurnes","article_published_time":"2026-09-02T16:23:29+00:00","article_modified_time":"2026-09-02T16:24:28+00:00","og_image":[{"width":2560,"height":1706,"url":"https:\/\/heklan.is\/wp-content\/uploads\/2026\/05\/20190829_THRAINN_136955-scaled.jpg","type":"image\/jpeg"}],"author":"Dagn\u00fd Magg\u00fdjar","twitter_card":"summary_large_image","twitter_misc":{"Written by":"Dagn\u00fd Magg\u00fdjar","Est. reading time":"2 minutes"},"schema":{"@context":"https:\/\/schema.org","@graph":[{"@type":"Article","@id":"https:\/\/heklan.is\/2026\/09\/02\/opid-fyrir-umsoknir-i-styrktarsjod-fyrir-smaerri-fyrirtaeki-i-grindavik\/#article","isPartOf":{"@id":"https:\/\/heklan.is\/2026\/09\/02\/opid-fyrir-umsoknir-i-styrktarsjod-fyrir-smaerri-fyrirtaeki-i-grindavik\/"},"author":{"name":"Dagn\u00fd Magg\u00fdjar","@id":"https:\/\/heklan.is\/#\/schema\/person\/c5730cd1337af4ad39ac35bf399fa742"},"headline":"Opi\u00f0 fyrir ums\u00f3knir \u00ed s\u00f3knarsj\u00f3\u00f0 fyrir sm\u00e6rri fyrirt\u00e6ki \u00ed Grindav\u00edk","datePublished":"2026-09-02T16:23:29+00:00","dateModified":"2026-09-02T16:24:28+00:00","mainEntityOfPage":{"@id":"https:\/\/heklan.is\/2026\/09\/02\/opid-fyrir-umsoknir-i-styrktarsjod-fyrir-smaerri-fyrirtaeki-i-grindavik\/"},"wordCount":341,"publisher":{"@id":"https:\/\/heklan.is\/#organization"},"image":{"@id":"https:\/\/heklan.is\/2026\/09\/02\/opid-fyrir-umsoknir-i-styrktarsjod-fyrir-smaerri-fyrirtaeki-i-grindavik\/#primaryimage"},"thumbnailUrl":"https:\/\/heklan.is\/wp-content\/uploads\/2026\/05\/20190829_THRAINN_136955-scaled.jpg","articleSection":["Fr\u00e9ttir"],"inLanguage":"en-US"},{"@type":"WebPage","@id":"https:\/\/heklan.is\/2026\/09\/02\/opid-fyrir-umsoknir-i-styrktarsjod-fyrir-smaerri-fyrirtaeki-i-grindavik\/","url":"https:\/\/heklan.is\/2026\/09\/02\/opid-fyrir-umsoknir-i-styrktarsjod-fyrir-smaerri-fyrirtaeki-i-grindavik\/","name":"Opi\u00f0 fyrir ums\u00f3knir \u00ed s\u00f3knarsj\u00f3\u00f0 fyrir sm\u00e6rri fyrirt\u00e6ki \u00ed Grindav\u00edk - Heklan atvinnu\u00fer\u00f3un","isPartOf":{"@id":"https:\/\/heklan.is\/#website"},"primaryImageOfPage":{"@id":"https:\/\/heklan.is\/2026\/09\/02\/opid-fyrir-umsoknir-i-styrktarsjod-fyrir-smaerri-fyrirtaeki-i-grindavik\/#primaryimage"},"image":{"@id":"https:\/\/heklan.is\/2026\/09\/02\/opid-fyrir-umsoknir-i-styrktarsjod-fyrir-smaerri-fyrirtaeki-i-grindavik\/#primaryimage"},"thumbnailUrl":"https:\/\/heklan.is\/wp-content\/uploads\/2026\/05\/20190829_THRAINN_136955-scaled.jpg","datePublished":"2026-09-02T16:23:29+00:00","dateModified":"2026-09-02T16:24:28+00:00","breadcrumb":{"@id":"https:\/\/heklan.is\/2026\/09\/02\/opid-fyrir-umsoknir-i-styrktarsjod-fyrir-smaerri-fyrirtaeki-i-grindavik\/#breadcrumb"},"inLanguage":"en-US","potentialAction":[{"@type":"ReadAction","target":["https:\/\/heklan.is\/2026\/09\/02\/opid-fyrir-umsoknir-i-styrktarsjod-fyrir-smaerri-fyrirtaeki-i-grindavik\/"]}]},{"@type":"ImageObject","inLanguage":"en-US","@id":"https:\/\/heklan.is\/2026\/09\/02\/opid-fyrir-umsoknir-i-styrktarsjod-fyrir-smaerri-fyrirtaeki-i-grindavik\/#primaryimage","url":"https:\/\/heklan.is\/wp-content\/uploads\/2026\/05\/20190829_THRAINN_136955-scaled.jpg","contentUrl":"https:\/\/heklan.is\/wp-content\/uploads\/2026\/05\/20190829_THRAINN_136955-scaled.jpg","width":2560,"height":1706,"caption":"Captured at Reykjanes on 29 Aug, 2019 by Thrainn Kolbeinsson. THRAINN KOLBEINSSON, ICELAND"},{"@type":"BreadcrumbList","@id":"https:\/\/heklan.is\/2026\/09\/02\/opid-fyrir-umsoknir-i-styrktarsjod-fyrir-smaerri-fyrirtaeki-i-grindavik\/#breadcrumb","itemListElement":[{"@type":"ListItem","position":1,"name":"Home","item":"https:\/\/heklan.is\/"},{"@type":"ListItem","position":2,"name":"Opi\u00f0 fyrir ums\u00f3knir \u00ed s\u00f3knarsj\u00f3\u00f0 fyrir sm\u00e6rri fyrirt\u00e6ki \u00ed Grindav\u00edk"}]},{"@type":"WebSite","@id":"https:\/\/heklan.is\/#website","url":"https:\/\/heklan.is\/","name":"The Hekla Career Development","description":"","publisher":{"@id":"https:\/\/heklan.is\/#organization"},"alternateName":"Heklan","potentialAction":[{"@type":"SearchAction","target":{"@type":"EntryPoint","urlTemplate":"https:\/\/heklan.is\/?s={search_term_string}"},"query-input":{"@type":"PropertyValueSpecification","valueRequired":true,"valueName":"search_term_string"}}],"inLanguage":"en-US"},{"@type":"Organization","@id":"https:\/\/heklan.is\/#organization","name":"The Hekla Career Development","alternateName":"Heklan","url":"https:\/\/heklan.is\/","logo":{"@type":"ImageObject","inLanguage":"en-US","@id":"https:\/\/heklan.is\/#\/schema\/logo\/image\/","url":"https:\/\/heklan.is\/wp-content\/uploads\/2025\/09\/heklan-logo-dark.png","contentUrl":"https:\/\/heklan.is\/wp-content\/uploads\/2025\/09\/heklan-logo-dark.png","width":700,"height":143,"caption":"Heklan atvinnu\u00fer\u00f3un"},"image":{"@id":"https:\/\/heklan.is\/#\/schema\/logo\/image\/"},"sameAs":["https:\/\/www.facebook.com\/sudurnes"]},{"@type":"Person","@id":"https:\/\/heklan.is\/#\/schema\/person\/c5730cd1337af4ad39ac35bf399fa742","name":"Dagn\u00fd Magg\u00fdjar","image":{"@type":"ImageObject","inLanguage":"en-US","@id":"https:\/\/secure.gravatar.com\/avatar\/48ad841a0252eb6dd325e1aa227c4446dd8bc7156019e6c9a3fb0cbb42e078da?s=96&d=mm&r=g","url":"https:\/\/secure.gravatar.com\/avatar\/48ad841a0252eb6dd325e1aa227c4446dd8bc7156019e6c9a3fb0cbb42e078da?s=96&d=mm&r=g","contentUrl":"https:\/\/secure.gravatar.com\/avatar\/48ad841a0252eb6dd325e1aa227c4446dd8bc7156019e6c9a3fb0cbb42e078da?s=96&d=mm&r=g","caption":"Dagn\u00fd Magg\u00fdjar"}}]}},"_links":{"self":[{"href":"https:\/\/heklan.is\/en\/wp-json\/wp\/v2\/posts\/3226","targetHints":{"allow":["GET"]}}],"collection":[{"href":"https:\/\/heklan.is\/en\/wp-json\/wp\/v2\/posts"}],"about":[{"href":"https:\/\/heklan.is\/en\/wp-json\/wp\/v2\/types\/post"}],"author":[{"embeddable":true,"href":"https:\/\/heklan.is\/en\/wp-json\/wp\/v2\/users\/2"}],"replies":[{"embeddable":true,"href":"https:\/\/heklan.is\/en\/wp-json\/wp\/v2\/comments?post=3226"}],"version-history":[{"count":2,"href":"https:\/\/heklan.is\/en\/wp-json\/wp\/v2\/posts\/3226\/revisions"}],"predecessor-version":[{"id":3228,"href":"https:\/\/heklan.is\/en\/wp-json\/wp\/v2\/posts\/3226\/revisions\/3228"}],"wp:featuredmedia":[{"embeddable":true,"href":"https:\/\/heklan.is\/en\/wp-json\/wp\/v2\/media\/3094"}],"wp:attachment":[{"href":"https:\/\/heklan.is\/en\/wp-json\/wp\/v2\/media?parent=3226"}],"wp:term":[{"taxonomy":"category","embeddable":true,"href":"https:\/\/heklan.is\/en\/wp-json\/wp\/v2\/categories?post=3226"},{"taxonomy":"post_tag","embeddable":true,"href":"https:\/\/heklan.is\/en\/wp-json\/wp\/v2\/tags?post=3226"}],"curies":[{"name":"WordPress","href":"https:\/\/api.w.org\/{rel}","templated":true}]}}