{"id":3230,"date":"2026-09-03T13:49:10","date_gmt":"2026-09-03T13:49:10","guid":{"rendered":"https:\/\/heklan.is\/?p=3230"},"modified":"2026-09-03T13:54:50","modified_gmt":"2026-09-03T13:54:50","slug":"47-umsoknir-i-startup-landid","status":"publish","type":"post","link":"https:\/\/heklan.is\/en\/2026\/09\/03\/47-umsoknir-i-startup-landid\/","title":{"rendered":"47 applications to Startup Land"},"content":{"rendered":"<p class=\"wp-block-paragraph\">Alls b\u00e1rust <strong>47 applications to Startup Land<\/strong>, vi\u00f0skiptahra\u00f0al fyrir frumkv\u00f6\u00f0la og n\u00fdsk\u00f6punarverkefni \u00e1 landsbygg\u00f0inni en ums\u00f3knarfrestur var til mi\u00f0n\u00e6ttis \u00feri\u00f0judaginn 1. september.<\/p>\n\n\n\n<p class=\"wp-block-paragraph\">Ums\u00f3knir b\u00e1rust v\u00ed\u00f0s vegar a\u00f0 af landinu og endurspeglar fj\u00f6ldinn \u00feann kraft sem b\u00fdr \u00ed n\u00fdsk\u00f6pun og frumkv\u00f6\u00f0lastarfi \u00e1 landsbygg\u00f0inni.<\/p>\n\n\n\n<figure class=\"wp-block-image size-large\"><img loading=\"lazy\" decoding=\"async\" width=\"819\" height=\"1024\" src=\"https:\/\/heklan.is\/wp-content\/uploads\/2026\/06\/DSC01347-819x1024.jpg\" alt=\"\" class=\"wp-image-3108\" srcset=\"https:\/\/heklan.is\/wp-content\/uploads\/2026\/06\/DSC01347-819x1024.jpg 819w, https:\/\/heklan.is\/wp-content\/uploads\/2026\/06\/DSC01347-240x300.jpg 240w, https:\/\/heklan.is\/wp-content\/uploads\/2026\/06\/DSC01347-768x960.jpg 768w, https:\/\/heklan.is\/wp-content\/uploads\/2026\/06\/DSC01347-1229x1536.jpg 1229w, https:\/\/heklan.is\/wp-content\/uploads\/2026\/06\/DSC01347-1638x2048.jpg 1638w, https:\/\/heklan.is\/wp-content\/uploads\/2026\/06\/DSC01347-scaled.jpg 2048w\" sizes=\"auto, (max-width: 819px) 100vw, 819px\" \/><\/figure>\n\n\n\n<p class=\"wp-block-paragraph\"><a href=\"https:\/\/startuplandid.is\">Startup Land <\/a>hefst 24. september og stendur yfir \u00ed sj\u00f6 vikur. \u00c1 \u00feeim t\u00edma f\u00e1 \u00fe\u00e1tttakendur a\u00f0gang a\u00f0 lei\u00f0beinendum, markvissri fr\u00e6\u00f0slu og \u00f6flugu tengslaneti sem sty\u00f0ur vi\u00f0 \u00fer\u00f3un verkefnanna og hj\u00e1lpar teymunum a\u00f0 taka n\u00e6stu skref.<\/p>\n\n\n\n<p class=\"wp-block-paragraph\">Hra\u00f0linum l\u00fdkur me\u00f0 lokavi\u00f0bur\u00f0i \u00e1 Selfossi 5. n\u00f3vember \u00fear sem \u00fe\u00e1tttakendur kynna verkefni s\u00edn og \u00feann \u00e1rangur sem n\u00e1\u00f0st hefur \u00e1 me\u00f0an \u00e1 hra\u00f0linum stendur.<\/p>\n\n\n\n<p class=\"wp-block-paragraph\">Valnefnd Startup Landsins fer n\u00fa yfir ums\u00f3knirnar og velur \u00feau verkefni sem bo\u00f0in ver\u00f0ur \u00fe\u00e1tttaka \u00ed hra\u00f0linum. <strong>Valin teymi ver\u00f0a kynnt \u00ed n\u00e6stu viku.<\/strong><\/p>\n\n\n\n<p class=\"wp-block-paragraph\">Fj\u00f6ldi og landfr\u00e6\u00f0ileg dreifing ums\u00f3knanna s\u00fdnir a\u00f0 \u00e1hugi \u00e1 n\u00fdsk\u00f6pun og frumkv\u00f6\u00f0lastarfi er sannarlega ekki bundinn vi\u00f0 einn landshluta og lj\u00f3st er a\u00f0 eftirspurn er eftir stu\u00f0ningi og vettvangi fyrir frumkv\u00f6\u00f0la um allt land. Ums\u00f3knir b\u00e1rust fr\u00e1 \u00f3l\u00edkum sv\u00e6\u00f0um landsins og gefa g\u00f3\u00f0a mynd af \u00feeim fj\u00f6lbreyttu hugmyndum og verkefnum sem veri\u00f0 er a\u00f0 \u00fer\u00f3a \u00e1 landsbygg\u00f0inni.<\/p>\n\n\n\n<p class=\"wp-block-paragraph\"><strong>Dreifingu ums\u00f3kna eftir landshlutum m\u00e1 sj\u00e1 h\u00e9r a\u00f0 ne\u00f0an.<\/strong><\/p>\n\n\n\n<figure class=\"wp-block-image size-large\"><img loading=\"lazy\" decoding=\"async\" width=\"1024\" height=\"795\" src=\"https:\/\/heklan.is\/wp-content\/uploads\/2026\/09\/Screenshot-2026-09-03-at-13.45.45-1024x795.png\" alt=\"\" class=\"wp-image-3231\" srcset=\"https:\/\/heklan.is\/wp-content\/uploads\/2026\/09\/Screenshot-2026-09-03-at-13.45.45-1024x795.png 1024w, https:\/\/heklan.is\/wp-content\/uploads\/2026\/09\/Screenshot-2026-09-03-at-13.45.45-300x233.png 300w, https:\/\/heklan.is\/wp-content\/uploads\/2026\/09\/Screenshot-2026-09-03-at-13.45.45-768x596.png 768w, https:\/\/heklan.is\/wp-content\/uploads\/2026\/09\/Screenshot-2026-09-03-at-13.45.45-15x12.png 15w, https:\/\/heklan.is\/wp-content\/uploads\/2026\/09\/Screenshot-2026-09-03-at-13.45.45.png 1224w\" sizes=\"auto, (max-width: 1024px) 100vw, 1024px\" \/><\/figure>","protected":false},"excerpt":{"rendered":"<p>Alls b\u00e1rust 47 ums\u00f3knir \u00ed Startup Landi\u00f0, vi\u00f0skiptahra\u00f0al fyrir frumkv\u00f6\u00f0la og n\u00fdsk\u00f6punarverkefni \u00e1 landsbygg\u00f0inni en ums\u00f3knarfrestur var til mi\u00f0n\u00e6ttis \u00feri\u00f0judaginn 1. september. Ums\u00f3knir b\u00e1rust v\u00ed\u00f0s vegar a\u00f0 af landinu og endurspeglar fj\u00f6ldinn \u00feann kraft sem b\u00fdr \u00ed n\u00fdsk\u00f6pun og frumkv\u00f6\u00f0lastarfi \u00e1 landsbygg\u00f0inni. Startup Landi\u00f0 hefst 24. september og stendur yfir \u00ed sj\u00f6 vikur. \u00c1 \u00feeim [&hellip;]<\/p>\n","protected":false},"author":2,"featured_media":3110,"comment_status":"closed","ping_status":"open","sticky":false,"template":"","format":"standard","meta":{"_acf_changed":false,"_gspb_post_css":"","footnotes":""},"categories":[1],"tags":[],"class_list":["post-3230","post","type-post","status-publish","format-standard","has-post-thumbnail","hentry","category-frettir"],"blocksy_meta":{"styles_descriptor":{"styles":{"desktop":"","tablet":"","mobile":""},"google_fonts":[],"version":7}},"acf":[],"yoast_head":"<!-- This site is optimized with the Yoast SEO plugin v28.2 - https:\/\/yoast.com\/product\/yoast-seo-wordpress\/ -->\n<title>47 ums\u00f3knir \u00ed Startup Landi\u00f0 - Heklan atvinnu\u00fer\u00f3un<\/title>\n<meta name=\"robots\" content=\"index, follow, max-snippet:-1, max-image-preview:large, max-video-preview:-1\" \/>\n<link rel=\"canonical\" href=\"https:\/\/heklan.is\/en\/2026\/09\/03\/47-umsoknir-i-startup-landid\/\" \/>\n<meta property=\"og:locale\" content=\"en_US\" \/>\n<meta property=\"og:type\" content=\"article\" \/>\n<meta property=\"og:title\" content=\"47 ums\u00f3knir \u00ed Startup Landi\u00f0 - Heklan atvinnu\u00fer\u00f3un\" \/>\n<meta property=\"og:description\" content=\"Alls b\u00e1rust 47 ums\u00f3knir \u00ed Startup Landi\u00f0, vi\u00f0skiptahra\u00f0al fyrir frumkv\u00f6\u00f0la og n\u00fdsk\u00f6punarverkefni \u00e1 landsbygg\u00f0inni en ums\u00f3knarfrestur var til mi\u00f0n\u00e6ttis \u00feri\u00f0judaginn 1. september. Ums\u00f3knir b\u00e1rust v\u00ed\u00f0s vegar a\u00f0 af landinu og endurspeglar fj\u00f6ldinn \u00feann kraft sem b\u00fdr \u00ed n\u00fdsk\u00f6pun og frumkv\u00f6\u00f0lastarfi \u00e1 landsbygg\u00f0inni. Startup Landi\u00f0 hefst 24. september og stendur yfir \u00ed sj\u00f6 vikur. \u00c1 \u00feeim [&hellip;]\" \/>\n<meta property=\"og:url\" content=\"https:\/\/heklan.is\/en\/2026\/09\/03\/47-umsoknir-i-startup-landid\/\" \/>\n<meta property=\"og:site_name\" content=\"Heklan atvinnu\u00fer\u00f3un\" \/>\n<meta property=\"article:publisher\" content=\"https:\/\/www.facebook.com\/sudurnes\" \/>\n<meta property=\"article:published_time\" content=\"2026-09-03T13:49:10+00:00\" \/>\n<meta property=\"article:modified_time\" content=\"2026-09-03T13:54:50+00:00\" \/>\n<meta property=\"og:image\" content=\"https:\/\/heklan.is\/wp-content\/uploads\/2026\/06\/DSC01239-scaled.jpg\" \/>\n\t<meta property=\"og:image:width\" content=\"1706\" \/>\n\t<meta property=\"og:image:height\" content=\"2560\" \/>\n\t<meta property=\"og:image:type\" content=\"image\/jpeg\" \/>\n<meta name=\"author\" content=\"Dagn\u00fd Magg\u00fdjar\" \/>\n<meta name=\"twitter:card\" content=\"summary_large_image\" \/>\n<meta name=\"twitter:label1\" content=\"Written by\" \/>\n\t<meta name=\"twitter:data1\" content=\"Dagn\u00fd Magg\u00fdjar\" \/>\n\t<meta name=\"twitter:label2\" content=\"Est. reading time\" \/>\n\t<meta name=\"twitter:data2\" content=\"2 minutes\" \/>\n<script type=\"application\/ld+json\" class=\"yoast-schema-graph\">{\"@context\":\"https:\\\/\\\/schema.org\",\"@graph\":[{\"@type\":\"Article\",\"@id\":\"https:\\\/\\\/heklan.is\\\/2026\\\/09\\\/03\\\/47-umsoknir-i-startup-landid\\\/#article\",\"isPartOf\":{\"@id\":\"https:\\\/\\\/heklan.is\\\/2026\\\/09\\\/03\\\/47-umsoknir-i-startup-landid\\\/\"},\"author\":{\"name\":\"Dagn\u00fd Magg\u00fdjar\",\"@id\":\"https:\\\/\\\/heklan.is\\\/#\\\/schema\\\/person\\\/c5730cd1337af4ad39ac35bf399fa742\"},\"headline\":\"47 ums\u00f3knir \u00ed Startup Landi\u00f0\",\"datePublished\":\"2026-09-03T13:49:10+00:00\",\"dateModified\":\"2026-09-03T13:54:50+00:00\",\"mainEntityOfPage\":{\"@id\":\"https:\\\/\\\/heklan.is\\\/2026\\\/09\\\/03\\\/47-umsoknir-i-startup-landid\\\/\"},\"wordCount\":245,\"publisher\":{\"@id\":\"https:\\\/\\\/heklan.is\\\/#organization\"},\"image\":{\"@id\":\"https:\\\/\\\/heklan.is\\\/2026\\\/09\\\/03\\\/47-umsoknir-i-startup-landid\\\/#primaryimage\"},\"thumbnailUrl\":\"https:\\\/\\\/heklan.is\\\/wp-content\\\/uploads\\\/2026\\\/06\\\/DSC01239-scaled.jpg\",\"articleSection\":[\"Fr\u00e9ttir\"],\"inLanguage\":\"en-US\"},{\"@type\":\"WebPage\",\"@id\":\"https:\\\/\\\/heklan.is\\\/2026\\\/09\\\/03\\\/47-umsoknir-i-startup-landid\\\/\",\"url\":\"https:\\\/\\\/heklan.is\\\/2026\\\/09\\\/03\\\/47-umsoknir-i-startup-landid\\\/\",\"name\":\"47 ums\u00f3knir \u00ed Startup Landi\u00f0 - Heklan atvinnu\u00fer\u00f3un\",\"isPartOf\":{\"@id\":\"https:\\\/\\\/heklan.is\\\/#website\"},\"primaryImageOfPage\":{\"@id\":\"https:\\\/\\\/heklan.is\\\/2026\\\/09\\\/03\\\/47-umsoknir-i-startup-landid\\\/#primaryimage\"},\"image\":{\"@id\":\"https:\\\/\\\/heklan.is\\\/2026\\\/09\\\/03\\\/47-umsoknir-i-startup-landid\\\/#primaryimage\"},\"thumbnailUrl\":\"https:\\\/\\\/heklan.is\\\/wp-content\\\/uploads\\\/2026\\\/06\\\/DSC01239-scaled.jpg\",\"datePublished\":\"2026-09-03T13:49:10+00:00\",\"dateModified\":\"2026-09-03T13:54:50+00:00\",\"breadcrumb\":{\"@id\":\"https:\\\/\\\/heklan.is\\\/2026\\\/09\\\/03\\\/47-umsoknir-i-startup-landid\\\/#breadcrumb\"},\"inLanguage\":\"en-US\",\"potentialAction\":[{\"@type\":\"ReadAction\",\"target\":[\"https:\\\/\\\/heklan.is\\\/2026\\\/09\\\/03\\\/47-umsoknir-i-startup-landid\\\/\"]}]},{\"@type\":\"ImageObject\",\"inLanguage\":\"en-US\",\"@id\":\"https:\\\/\\\/heklan.is\\\/2026\\\/09\\\/03\\\/47-umsoknir-i-startup-landid\\\/#primaryimage\",\"url\":\"https:\\\/\\\/heklan.is\\\/wp-content\\\/uploads\\\/2026\\\/06\\\/DSC01239-scaled.jpg\",\"contentUrl\":\"https:\\\/\\\/heklan.is\\\/wp-content\\\/uploads\\\/2026\\\/06\\\/DSC01239-scaled.jpg\",\"width\":1706,\"height\":2560},{\"@type\":\"BreadcrumbList\",\"@id\":\"https:\\\/\\\/heklan.is\\\/2026\\\/09\\\/03\\\/47-umsoknir-i-startup-landid\\\/#breadcrumb\",\"itemListElement\":[{\"@type\":\"ListItem\",\"position\":1,\"name\":\"Home\",\"item\":\"https:\\\/\\\/heklan.is\\\/\"},{\"@type\":\"ListItem\",\"position\":2,\"name\":\"47 ums\u00f3knir \u00ed Startup Landi\u00f0\"}]},{\"@type\":\"WebSite\",\"@id\":\"https:\\\/\\\/heklan.is\\\/#website\",\"url\":\"https:\\\/\\\/heklan.is\\\/\",\"name\":\"Heklan atvinnu\u00fer\u00f3un\",\"description\":\"\",\"publisher\":{\"@id\":\"https:\\\/\\\/heklan.is\\\/#organization\"},\"alternateName\":\"Heklan\",\"potentialAction\":[{\"@type\":\"SearchAction\",\"target\":{\"@type\":\"EntryPoint\",\"urlTemplate\":\"https:\\\/\\\/heklan.is\\\/?s={search_term_string}\"},\"query-input\":{\"@type\":\"PropertyValueSpecification\",\"valueRequired\":true,\"valueName\":\"search_term_string\"}}],\"inLanguage\":\"en-US\"},{\"@type\":\"Organization\",\"@id\":\"https:\\\/\\\/heklan.is\\\/#organization\",\"name\":\"Heklan atvinnu\u00fer\u00f3un\",\"alternateName\":\"Heklan\",\"url\":\"https:\\\/\\\/heklan.is\\\/\",\"logo\":{\"@type\":\"ImageObject\",\"inLanguage\":\"en-US\",\"@id\":\"https:\\\/\\\/heklan.is\\\/#\\\/schema\\\/logo\\\/image\\\/\",\"url\":\"https:\\\/\\\/heklan.is\\\/wp-content\\\/uploads\\\/2025\\\/09\\\/heklan-logo-dark.png\",\"contentUrl\":\"https:\\\/\\\/heklan.is\\\/wp-content\\\/uploads\\\/2025\\\/09\\\/heklan-logo-dark.png\",\"width\":700,\"height\":143,\"caption\":\"Heklan atvinnu\u00fer\u00f3un\"},\"image\":{\"@id\":\"https:\\\/\\\/heklan.is\\\/#\\\/schema\\\/logo\\\/image\\\/\"},\"sameAs\":[\"https:\\\/\\\/www.facebook.com\\\/sudurnes\"]},{\"@type\":\"Person\",\"@id\":\"https:\\\/\\\/heklan.is\\\/#\\\/schema\\\/person\\\/c5730cd1337af4ad39ac35bf399fa742\",\"name\":\"Dagn\u00fd Magg\u00fdjar\",\"image\":{\"@type\":\"ImageObject\",\"inLanguage\":\"en-US\",\"@id\":\"https:\\\/\\\/secure.gravatar.com\\\/avatar\\\/48ad841a0252eb6dd325e1aa227c4446dd8bc7156019e6c9a3fb0cbb42e078da?s=96&d=mm&r=g\",\"url\":\"https:\\\/\\\/secure.gravatar.com\\\/avatar\\\/48ad841a0252eb6dd325e1aa227c4446dd8bc7156019e6c9a3fb0cbb42e078da?s=96&d=mm&r=g\",\"contentUrl\":\"https:\\\/\\\/secure.gravatar.com\\\/avatar\\\/48ad841a0252eb6dd325e1aa227c4446dd8bc7156019e6c9a3fb0cbb42e078da?s=96&d=mm&r=g\",\"caption\":\"Dagn\u00fd Magg\u00fdjar\"}}]}<\/script>\n<!-- \/ Yoast SEO plugin. -->","yoast_head_json":{"title":"47 ums\u00f3knir \u00ed Startup Landi\u00f0 - Heklan atvinnu\u00fer\u00f3un","robots":{"index":"index","follow":"follow","max-snippet":"max-snippet:-1","max-image-preview":"max-image-preview:large","max-video-preview":"max-video-preview:-1"},"canonical":"https:\/\/heklan.is\/en\/2026\/09\/03\/47-umsoknir-i-startup-landid\/","og_locale":"en_US","og_type":"article","og_title":"47 ums\u00f3knir \u00ed Startup Landi\u00f0 - Heklan atvinnu\u00fer\u00f3un","og_description":"Alls b\u00e1rust 47 ums\u00f3knir \u00ed Startup Landi\u00f0, vi\u00f0skiptahra\u00f0al fyrir frumkv\u00f6\u00f0la og n\u00fdsk\u00f6punarverkefni \u00e1 landsbygg\u00f0inni en ums\u00f3knarfrestur var til mi\u00f0n\u00e6ttis \u00feri\u00f0judaginn 1. september. Ums\u00f3knir b\u00e1rust v\u00ed\u00f0s vegar a\u00f0 af landinu og endurspeglar fj\u00f6ldinn \u00feann kraft sem b\u00fdr \u00ed n\u00fdsk\u00f6pun og frumkv\u00f6\u00f0lastarfi \u00e1 landsbygg\u00f0inni. Startup Landi\u00f0 hefst 24. september og stendur yfir \u00ed sj\u00f6 vikur. \u00c1 \u00feeim [&hellip;]","og_url":"https:\/\/heklan.is\/en\/2026\/09\/03\/47-umsoknir-i-startup-landid\/","og_site_name":"Heklan atvinnu\u00fer\u00f3un","article_publisher":"https:\/\/www.facebook.com\/sudurnes","article_published_time":"2026-09-03T13:49:10+00:00","article_modified_time":"2026-09-03T13:54:50+00:00","og_image":[{"width":1706,"height":2560,"url":"https:\/\/heklan.is\/wp-content\/uploads\/2026\/06\/DSC01239-scaled.jpg","type":"image\/jpeg"}],"author":"Dagn\u00fd Magg\u00fdjar","twitter_card":"summary_large_image","twitter_misc":{"Written by":"Dagn\u00fd Magg\u00fdjar","Est. reading time":"2 minutes"},"schema":{"@context":"https:\/\/schema.org","@graph":[{"@type":"Article","@id":"https:\/\/heklan.is\/2026\/09\/03\/47-umsoknir-i-startup-landid\/#article","isPartOf":{"@id":"https:\/\/heklan.is\/2026\/09\/03\/47-umsoknir-i-startup-landid\/"},"author":{"name":"Dagn\u00fd Magg\u00fdjar","@id":"https:\/\/heklan.is\/#\/schema\/person\/c5730cd1337af4ad39ac35bf399fa742"},"headline":"47 ums\u00f3knir \u00ed Startup Landi\u00f0","datePublished":"2026-09-03T13:49:10+00:00","dateModified":"2026-09-03T13:54:50+00:00","mainEntityOfPage":{"@id":"https:\/\/heklan.is\/2026\/09\/03\/47-umsoknir-i-startup-landid\/"},"wordCount":245,"publisher":{"@id":"https:\/\/heklan.is\/#organization"},"image":{"@id":"https:\/\/heklan.is\/2026\/09\/03\/47-umsoknir-i-startup-landid\/#primaryimage"},"thumbnailUrl":"https:\/\/heklan.is\/wp-content\/uploads\/2026\/06\/DSC01239-scaled.jpg","articleSection":["Fr\u00e9ttir"],"inLanguage":"en-US"},{"@type":"WebPage","@id":"https:\/\/heklan.is\/2026\/09\/03\/47-umsoknir-i-startup-landid\/","url":"https:\/\/heklan.is\/2026\/09\/03\/47-umsoknir-i-startup-landid\/","name":"47 ums\u00f3knir \u00ed Startup Landi\u00f0 - Heklan atvinnu\u00fer\u00f3un","isPartOf":{"@id":"https:\/\/heklan.is\/#website"},"primaryImageOfPage":{"@id":"https:\/\/heklan.is\/2026\/09\/03\/47-umsoknir-i-startup-landid\/#primaryimage"},"image":{"@id":"https:\/\/heklan.is\/2026\/09\/03\/47-umsoknir-i-startup-landid\/#primaryimage"},"thumbnailUrl":"https:\/\/heklan.is\/wp-content\/uploads\/2026\/06\/DSC01239-scaled.jpg","datePublished":"2026-09-03T13:49:10+00:00","dateModified":"2026-09-03T13:54:50+00:00","breadcrumb":{"@id":"https:\/\/heklan.is\/2026\/09\/03\/47-umsoknir-i-startup-landid\/#breadcrumb"},"inLanguage":"en-US","potentialAction":[{"@type":"ReadAction","target":["https:\/\/heklan.is\/2026\/09\/03\/47-umsoknir-i-startup-landid\/"]}]},{"@type":"ImageObject","inLanguage":"en-US","@id":"https:\/\/heklan.is\/2026\/09\/03\/47-umsoknir-i-startup-landid\/#primaryimage","url":"https:\/\/heklan.is\/wp-content\/uploads\/2026\/06\/DSC01239-scaled.jpg","contentUrl":"https:\/\/heklan.is\/wp-content\/uploads\/2026\/06\/DSC01239-scaled.jpg","width":1706,"height":2560},{"@type":"BreadcrumbList","@id":"https:\/\/heklan.is\/2026\/09\/03\/47-umsoknir-i-startup-landid\/#breadcrumb","itemListElement":[{"@type":"ListItem","position":1,"name":"Home","item":"https:\/\/heklan.is\/"},{"@type":"ListItem","position":2,"name":"47 ums\u00f3knir \u00ed Startup Landi\u00f0"}]},{"@type":"WebSite","@id":"https:\/\/heklan.is\/#website","url":"https:\/\/heklan.is\/","name":"The Hekla Career Development","description":"","publisher":{"@id":"https:\/\/heklan.is\/#organization"},"alternateName":"Heklan","potentialAction":[{"@type":"SearchAction","target":{"@type":"EntryPoint","urlTemplate":"https:\/\/heklan.is\/?s={search_term_string}"},"query-input":{"@type":"PropertyValueSpecification","valueRequired":true,"valueName":"search_term_string"}}],"inLanguage":"en-US"},{"@type":"Organization","@id":"https:\/\/heklan.is\/#organization","name":"The Hekla Career Development","alternateName":"Heklan","url":"https:\/\/heklan.is\/","logo":{"@type":"ImageObject","inLanguage":"en-US","@id":"https:\/\/heklan.is\/#\/schema\/logo\/image\/","url":"https:\/\/heklan.is\/wp-content\/uploads\/2025\/09\/heklan-logo-dark.png","contentUrl":"https:\/\/heklan.is\/wp-content\/uploads\/2025\/09\/heklan-logo-dark.png","width":700,"height":143,"caption":"Heklan atvinnu\u00fer\u00f3un"},"image":{"@id":"https:\/\/heklan.is\/#\/schema\/logo\/image\/"},"sameAs":["https:\/\/www.facebook.com\/sudurnes"]},{"@type":"Person","@id":"https:\/\/heklan.is\/#\/schema\/person\/c5730cd1337af4ad39ac35bf399fa742","name":"Dagn\u00fd Magg\u00fdjar","image":{"@type":"ImageObject","inLanguage":"en-US","@id":"https:\/\/secure.gravatar.com\/avatar\/48ad841a0252eb6dd325e1aa227c4446dd8bc7156019e6c9a3fb0cbb42e078da?s=96&d=mm&r=g","url":"https:\/\/secure.gravatar.com\/avatar\/48ad841a0252eb6dd325e1aa227c4446dd8bc7156019e6c9a3fb0cbb42e078da?s=96&d=mm&r=g","contentUrl":"https:\/\/secure.gravatar.com\/avatar\/48ad841a0252eb6dd325e1aa227c4446dd8bc7156019e6c9a3fb0cbb42e078da?s=96&d=mm&r=g","caption":"Dagn\u00fd Magg\u00fdjar"}}]}},"_links":{"self":[{"href":"https:\/\/heklan.is\/en\/wp-json\/wp\/v2\/posts\/3230","targetHints":{"allow":["GET"]}}],"collection":[{"href":"https:\/\/heklan.is\/en\/wp-json\/wp\/v2\/posts"}],"about":[{"href":"https:\/\/heklan.is\/en\/wp-json\/wp\/v2\/types\/post"}],"author":[{"embeddable":true,"href":"https:\/\/heklan.is\/en\/wp-json\/wp\/v2\/users\/2"}],"replies":[{"embeddable":true,"href":"https:\/\/heklan.is\/en\/wp-json\/wp\/v2\/comments?post=3230"}],"version-history":[{"count":2,"href":"https:\/\/heklan.is\/en\/wp-json\/wp\/v2\/posts\/3230\/revisions"}],"predecessor-version":[{"id":3233,"href":"https:\/\/heklan.is\/en\/wp-json\/wp\/v2\/posts\/3230\/revisions\/3233"}],"wp:featuredmedia":[{"embeddable":true,"href":"https:\/\/heklan.is\/en\/wp-json\/wp\/v2\/media\/3110"}],"wp:attachment":[{"href":"https:\/\/heklan.is\/en\/wp-json\/wp\/v2\/media?parent=3230"}],"wp:term":[{"taxonomy":"category","embeddable":true,"href":"https:\/\/heklan.is\/en\/wp-json\/wp\/v2\/categories?post=3230"},{"taxonomy":"post_tag","embeddable":true,"href":"https:\/\/heklan.is\/en\/wp-json\/wp\/v2\/tags?post=3230"}],"curies":[{"name":"WordPress","href":"https:\/\/api.w.org\/{rel}","templated":true}]}}