{"id":3234,"date":"2026-09-04T11:04:35","date_gmt":"2026-09-04T11:04:35","guid":{"rendered":"https:\/\/heklan.is\/?p=3234"},"modified":"2026-09-04T11:04:41","modified_gmt":"2026-09-04T11:04:41","slug":"opnad-fyrir-umsoknir-i-uppbyggingarsjod-sudurnesja","status":"publish","type":"post","link":"https:\/\/heklan.is\/en\/2026\/09\/04\/opnad-fyrir-umsoknir-i-uppbyggingarsjod-sudurnesja\/","title":{"rendered":"opna\u00f0 fyrir ums\u00f3knir \u00ed Uppbyggingarsj\u00f3\u00f0 Su\u00f0urnesja"},"content":{"rendered":"<p class=\"wp-block-paragraph\">Opna\u00f0 ver\u00f0ur fyrir ums\u00f3knir \u00ed Uppbyggingarsj\u00f3\u00f0 Su\u00f0urnesja vegna verkefna \u00e1rsins 2027&nbsp;<strong>\u00feann 16. september.<\/strong>&nbsp;Ums\u00f3knarfrestur er til kl. 14 \u00feann 21. okt\u00f3ber.<\/p>\n\n\n\n<p class=\"wp-block-paragraph\">Uppbyggingarsj\u00f3\u00f0ur Su\u00f0urnesja styrkir menningar-, atvinnu- og n\u00fdsk\u00f6punarverkefni \u00e1 Su\u00f0urnesjum. L\u00f6gr\u00e1\u00f0a einstaklingar, f\u00e9lagasamt\u00f6k, fyrirt\u00e6ki, stofnanir og sveitarf\u00e9l\u00f6g \u00e1 sv\u00e6\u00f0inu geta s\u00f3tt um.<\/p>\n\n\n\n<p class=\"wp-block-paragraph\">Ums\u00f3knir fara \u00ed gegnum ums\u00f3knarg\u00e1tt Rann\u00eds. Innskr\u00e1ning fer fram me\u00f0 rafr\u00e6num skilr\u00edkjum \u00ed gegnum \u00cdsland.is. \u00deeir sem s\u00e6kja um fyrir h\u00f6nd fyrirt\u00e6kis, stofnunar, f\u00e9lagasamtaka e\u00f0a sveitarf\u00e9lags eru hvattir til a\u00f0 ganga t\u00edmanlega \u00far skugga um a\u00f0 \u00feeir hafi tilskili\u00f0 umbo\u00f0.<\/p>\n\n\n\n<p class=\"wp-block-paragraph\">Ums\u00e6kjendur eru hvattir til a\u00f0 hefja vinnuna t\u00edmanlega, kynna s\u00e9r vel&nbsp;<a href=\"https:\/\/sss.is\/verkefni\/uppbyggingarsjodur\/reglur\/?utm_source=chatgpt.com\">reglur og lei\u00f0beiningar sj\u00f3\u00f0sins<\/a>&nbsp;og n\u00fdta s\u00e9r r\u00e1\u00f0gj\u00f6f Heklunnar og verkefnastj\u00f3ra Uppbyggingarsj\u00f3\u00f0s.<\/p>","protected":false},"excerpt":{"rendered":"<p>Opna\u00f0 ver\u00f0ur fyrir ums\u00f3knir \u00ed Uppbyggingarsj\u00f3\u00f0 Su\u00f0urnesja vegna verkefna \u00e1rsins 2027&nbsp;\u00feann 16. september.&nbsp;Ums\u00f3knarfrestur er til kl. 14 \u00feann 21. okt\u00f3ber. Uppbyggingarsj\u00f3\u00f0ur Su\u00f0urnesja styrkir menningar-, atvinnu- og n\u00fdsk\u00f6punarverkefni \u00e1 Su\u00f0urnesjum. L\u00f6gr\u00e1\u00f0a einstaklingar, f\u00e9lagasamt\u00f6k, fyrirt\u00e6ki, stofnanir og sveitarf\u00e9l\u00f6g \u00e1 sv\u00e6\u00f0inu geta s\u00f3tt um. Ums\u00f3knir fara \u00ed gegnum ums\u00f3knarg\u00e1tt Rann\u00eds. Innskr\u00e1ning fer fram me\u00f0 rafr\u00e6num skilr\u00edkjum \u00ed gegnum [&hellip;]<\/p>\n","protected":false},"author":2,"featured_media":3100,"comment_status":"closed","ping_status":"open","sticky":false,"template":"","format":"standard","meta":{"_acf_changed":false,"_gspb_post_css":"","footnotes":""},"categories":[1],"tags":[],"class_list":["post-3234","post","type-post","status-publish","format-standard","has-post-thumbnail","hentry","category-frettir"],"blocksy_meta":{"styles_descriptor":{"styles":{"desktop":"","tablet":"","mobile":""},"google_fonts":[],"version":7}},"acf":[],"yoast_head":"<!-- This site is optimized with the Yoast SEO plugin v28.2 - https:\/\/yoast.com\/product\/yoast-seo-wordpress\/ -->\n<title>opna\u00f0 fyrir ums\u00f3knir \u00ed Uppbyggingarsj\u00f3\u00f0 Su\u00f0urnesja - Heklan atvinnu\u00fer\u00f3un<\/title>\n<meta name=\"robots\" content=\"index, follow, max-snippet:-1, max-image-preview:large, max-video-preview:-1\" \/>\n<link rel=\"canonical\" href=\"https:\/\/heklan.is\/en\/2026\/09\/04\/opnad-fyrir-umsoknir-i-uppbyggingarsjod-sudurnesja\/\" \/>\n<meta property=\"og:locale\" content=\"en_US\" \/>\n<meta property=\"og:type\" content=\"article\" \/>\n<meta property=\"og:title\" content=\"opna\u00f0 fyrir ums\u00f3knir \u00ed Uppbyggingarsj\u00f3\u00f0 Su\u00f0urnesja - Heklan atvinnu\u00fer\u00f3un\" \/>\n<meta property=\"og:description\" content=\"Opna\u00f0 ver\u00f0ur fyrir ums\u00f3knir \u00ed Uppbyggingarsj\u00f3\u00f0 Su\u00f0urnesja vegna verkefna \u00e1rsins 2027&nbsp;\u00feann 16. september.&nbsp;Ums\u00f3knarfrestur er til kl. 14 \u00feann 21. okt\u00f3ber. Uppbyggingarsj\u00f3\u00f0ur Su\u00f0urnesja styrkir menningar-, atvinnu- og n\u00fdsk\u00f6punarverkefni \u00e1 Su\u00f0urnesjum. L\u00f6gr\u00e1\u00f0a einstaklingar, f\u00e9lagasamt\u00f6k, fyrirt\u00e6ki, stofnanir og sveitarf\u00e9l\u00f6g \u00e1 sv\u00e6\u00f0inu geta s\u00f3tt um. Ums\u00f3knir fara \u00ed gegnum ums\u00f3knarg\u00e1tt Rann\u00eds. Innskr\u00e1ning fer fram me\u00f0 rafr\u00e6num skilr\u00edkjum \u00ed gegnum [&hellip;]\" \/>\n<meta property=\"og:url\" content=\"https:\/\/heklan.is\/en\/2026\/09\/04\/opnad-fyrir-umsoknir-i-uppbyggingarsjod-sudurnesja\/\" \/>\n<meta property=\"og:site_name\" content=\"Heklan atvinnu\u00fer\u00f3un\" \/>\n<meta property=\"article:publisher\" content=\"https:\/\/www.facebook.com\/sudurnes\" \/>\n<meta property=\"article:published_time\" content=\"2026-09-04T11:04:35+00:00\" \/>\n<meta property=\"article:modified_time\" content=\"2026-09-04T11:04:41+00:00\" \/>\n<meta property=\"og:image\" content=\"https:\/\/heklan.is\/wp-content\/uploads\/2026\/06\/20190908_THRAINN_145753-scaled-1.jpg\" \/>\n\t<meta property=\"og:image:width\" content=\"2560\" \/>\n\t<meta property=\"og:image:height\" content=\"1920\" \/>\n\t<meta property=\"og:image:type\" content=\"image\/jpeg\" \/>\n<meta name=\"author\" content=\"Dagn\u00fd Magg\u00fdjar\" \/>\n<meta name=\"twitter:card\" content=\"summary_large_image\" \/>\n<meta name=\"twitter:label1\" content=\"Written by\" \/>\n\t<meta name=\"twitter:data1\" content=\"Dagn\u00fd Magg\u00fdjar\" \/>\n\t<meta name=\"twitter:label2\" content=\"Est. reading time\" \/>\n\t<meta name=\"twitter:data2\" content=\"1 minute\" \/>\n<script type=\"application\/ld+json\" class=\"yoast-schema-graph\">{\"@context\":\"https:\\\/\\\/schema.org\",\"@graph\":[{\"@type\":\"Article\",\"@id\":\"https:\\\/\\\/heklan.is\\\/2026\\\/09\\\/04\\\/opnad-fyrir-umsoknir-i-uppbyggingarsjod-sudurnesja\\\/#article\",\"isPartOf\":{\"@id\":\"https:\\\/\\\/heklan.is\\\/2026\\\/09\\\/04\\\/opnad-fyrir-umsoknir-i-uppbyggingarsjod-sudurnesja\\\/\"},\"author\":{\"name\":\"Dagn\u00fd Magg\u00fdjar\",\"@id\":\"https:\\\/\\\/heklan.is\\\/#\\\/schema\\\/person\\\/c5730cd1337af4ad39ac35bf399fa742\"},\"headline\":\"opna\u00f0 fyrir ums\u00f3knir \u00ed Uppbyggingarsj\u00f3\u00f0 Su\u00f0urnesja\",\"datePublished\":\"2026-09-04T11:04:35+00:00\",\"dateModified\":\"2026-09-04T11:04:41+00:00\",\"mainEntityOfPage\":{\"@id\":\"https:\\\/\\\/heklan.is\\\/2026\\\/09\\\/04\\\/opnad-fyrir-umsoknir-i-uppbyggingarsjod-sudurnesja\\\/\"},\"wordCount\":153,\"publisher\":{\"@id\":\"https:\\\/\\\/heklan.is\\\/#organization\"},\"image\":{\"@id\":\"https:\\\/\\\/heklan.is\\\/2026\\\/09\\\/04\\\/opnad-fyrir-umsoknir-i-uppbyggingarsjod-sudurnesja\\\/#primaryimage\"},\"thumbnailUrl\":\"https:\\\/\\\/heklan.is\\\/wp-content\\\/uploads\\\/2026\\\/06\\\/20190908_THRAINN_145753-scaled-1.jpg\",\"articleSection\":[\"Fr\u00e9ttir\"],\"inLanguage\":\"en-US\"},{\"@type\":\"WebPage\",\"@id\":\"https:\\\/\\\/heklan.is\\\/2026\\\/09\\\/04\\\/opnad-fyrir-umsoknir-i-uppbyggingarsjod-sudurnesja\\\/\",\"url\":\"https:\\\/\\\/heklan.is\\\/2026\\\/09\\\/04\\\/opnad-fyrir-umsoknir-i-uppbyggingarsjod-sudurnesja\\\/\",\"name\":\"opna\u00f0 fyrir ums\u00f3knir \u00ed Uppbyggingarsj\u00f3\u00f0 Su\u00f0urnesja - Heklan atvinnu\u00fer\u00f3un\",\"isPartOf\":{\"@id\":\"https:\\\/\\\/heklan.is\\\/#website\"},\"primaryImageOfPage\":{\"@id\":\"https:\\\/\\\/heklan.is\\\/2026\\\/09\\\/04\\\/opnad-fyrir-umsoknir-i-uppbyggingarsjod-sudurnesja\\\/#primaryimage\"},\"image\":{\"@id\":\"https:\\\/\\\/heklan.is\\\/2026\\\/09\\\/04\\\/opnad-fyrir-umsoknir-i-uppbyggingarsjod-sudurnesja\\\/#primaryimage\"},\"thumbnailUrl\":\"https:\\\/\\\/heklan.is\\\/wp-content\\\/uploads\\\/2026\\\/06\\\/20190908_THRAINN_145753-scaled-1.jpg\",\"datePublished\":\"2026-09-04T11:04:35+00:00\",\"dateModified\":\"2026-09-04T11:04:41+00:00\",\"breadcrumb\":{\"@id\":\"https:\\\/\\\/heklan.is\\\/2026\\\/09\\\/04\\\/opnad-fyrir-umsoknir-i-uppbyggingarsjod-sudurnesja\\\/#breadcrumb\"},\"inLanguage\":\"en-US\",\"potentialAction\":[{\"@type\":\"ReadAction\",\"target\":[\"https:\\\/\\\/heklan.is\\\/2026\\\/09\\\/04\\\/opnad-fyrir-umsoknir-i-uppbyggingarsjod-sudurnesja\\\/\"]}]},{\"@type\":\"ImageObject\",\"inLanguage\":\"en-US\",\"@id\":\"https:\\\/\\\/heklan.is\\\/2026\\\/09\\\/04\\\/opnad-fyrir-umsoknir-i-uppbyggingarsjod-sudurnesja\\\/#primaryimage\",\"url\":\"https:\\\/\\\/heklan.is\\\/wp-content\\\/uploads\\\/2026\\\/06\\\/20190908_THRAINN_145753-scaled-1.jpg\",\"contentUrl\":\"https:\\\/\\\/heklan.is\\\/wp-content\\\/uploads\\\/2026\\\/06\\\/20190908_THRAINN_145753-scaled-1.jpg\",\"width\":2560,\"height\":1920},{\"@type\":\"BreadcrumbList\",\"@id\":\"https:\\\/\\\/heklan.is\\\/2026\\\/09\\\/04\\\/opnad-fyrir-umsoknir-i-uppbyggingarsjod-sudurnesja\\\/#breadcrumb\",\"itemListElement\":[{\"@type\":\"ListItem\",\"position\":1,\"name\":\"Home\",\"item\":\"https:\\\/\\\/heklan.is\\\/\"},{\"@type\":\"ListItem\",\"position\":2,\"name\":\"opna\u00f0 fyrir ums\u00f3knir \u00ed Uppbyggingarsj\u00f3\u00f0 Su\u00f0urnesja\"}]},{\"@type\":\"WebSite\",\"@id\":\"https:\\\/\\\/heklan.is\\\/#website\",\"url\":\"https:\\\/\\\/heklan.is\\\/\",\"name\":\"Heklan atvinnu\u00fer\u00f3un\",\"description\":\"\",\"publisher\":{\"@id\":\"https:\\\/\\\/heklan.is\\\/#organization\"},\"alternateName\":\"Heklan\",\"potentialAction\":[{\"@type\":\"SearchAction\",\"target\":{\"@type\":\"EntryPoint\",\"urlTemplate\":\"https:\\\/\\\/heklan.is\\\/?s={search_term_string}\"},\"query-input\":{\"@type\":\"PropertyValueSpecification\",\"valueRequired\":true,\"valueName\":\"search_term_string\"}}],\"inLanguage\":\"en-US\"},{\"@type\":\"Organization\",\"@id\":\"https:\\\/\\\/heklan.is\\\/#organization\",\"name\":\"Heklan atvinnu\u00fer\u00f3un\",\"alternateName\":\"Heklan\",\"url\":\"https:\\\/\\\/heklan.is\\\/\",\"logo\":{\"@type\":\"ImageObject\",\"inLanguage\":\"en-US\",\"@id\":\"https:\\\/\\\/heklan.is\\\/#\\\/schema\\\/logo\\\/image\\\/\",\"url\":\"https:\\\/\\\/heklan.is\\\/wp-content\\\/uploads\\\/2025\\\/09\\\/heklan-logo-dark.png\",\"contentUrl\":\"https:\\\/\\\/heklan.is\\\/wp-content\\\/uploads\\\/2025\\\/09\\\/heklan-logo-dark.png\",\"width\":700,\"height\":143,\"caption\":\"Heklan atvinnu\u00fer\u00f3un\"},\"image\":{\"@id\":\"https:\\\/\\\/heklan.is\\\/#\\\/schema\\\/logo\\\/image\\\/\"},\"sameAs\":[\"https:\\\/\\\/www.facebook.com\\\/sudurnes\"]},{\"@type\":\"Person\",\"@id\":\"https:\\\/\\\/heklan.is\\\/#\\\/schema\\\/person\\\/c5730cd1337af4ad39ac35bf399fa742\",\"name\":\"Dagn\u00fd Magg\u00fdjar\",\"image\":{\"@type\":\"ImageObject\",\"inLanguage\":\"en-US\",\"@id\":\"https:\\\/\\\/secure.gravatar.com\\\/avatar\\\/48ad841a0252eb6dd325e1aa227c4446dd8bc7156019e6c9a3fb0cbb42e078da?s=96&d=mm&r=g\",\"url\":\"https:\\\/\\\/secure.gravatar.com\\\/avatar\\\/48ad841a0252eb6dd325e1aa227c4446dd8bc7156019e6c9a3fb0cbb42e078da?s=96&d=mm&r=g\",\"contentUrl\":\"https:\\\/\\\/secure.gravatar.com\\\/avatar\\\/48ad841a0252eb6dd325e1aa227c4446dd8bc7156019e6c9a3fb0cbb42e078da?s=96&d=mm&r=g\",\"caption\":\"Dagn\u00fd Magg\u00fdjar\"}}]}<\/script>\n<!-- \/ Yoast SEO plugin. -->","yoast_head_json":{"title":"opna\u00f0 fyrir ums\u00f3knir \u00ed Uppbyggingarsj\u00f3\u00f0 Su\u00f0urnesja - Heklan atvinnu\u00fer\u00f3un","robots":{"index":"index","follow":"follow","max-snippet":"max-snippet:-1","max-image-preview":"max-image-preview:large","max-video-preview":"max-video-preview:-1"},"canonical":"https:\/\/heklan.is\/en\/2026\/09\/04\/opnad-fyrir-umsoknir-i-uppbyggingarsjod-sudurnesja\/","og_locale":"en_US","og_type":"article","og_title":"opna\u00f0 fyrir ums\u00f3knir \u00ed Uppbyggingarsj\u00f3\u00f0 Su\u00f0urnesja - Heklan atvinnu\u00fer\u00f3un","og_description":"Opna\u00f0 ver\u00f0ur fyrir ums\u00f3knir \u00ed Uppbyggingarsj\u00f3\u00f0 Su\u00f0urnesja vegna verkefna \u00e1rsins 2027&nbsp;\u00feann 16. september.&nbsp;Ums\u00f3knarfrestur er til kl. 14 \u00feann 21. okt\u00f3ber. Uppbyggingarsj\u00f3\u00f0ur Su\u00f0urnesja styrkir menningar-, atvinnu- og n\u00fdsk\u00f6punarverkefni \u00e1 Su\u00f0urnesjum. L\u00f6gr\u00e1\u00f0a einstaklingar, f\u00e9lagasamt\u00f6k, fyrirt\u00e6ki, stofnanir og sveitarf\u00e9l\u00f6g \u00e1 sv\u00e6\u00f0inu geta s\u00f3tt um. Ums\u00f3knir fara \u00ed gegnum ums\u00f3knarg\u00e1tt Rann\u00eds. Innskr\u00e1ning fer fram me\u00f0 rafr\u00e6num skilr\u00edkjum \u00ed gegnum [&hellip;]","og_url":"https:\/\/heklan.is\/en\/2026\/09\/04\/opnad-fyrir-umsoknir-i-uppbyggingarsjod-sudurnesja\/","og_site_name":"Heklan atvinnu\u00fer\u00f3un","article_publisher":"https:\/\/www.facebook.com\/sudurnes","article_published_time":"2026-09-04T11:04:35+00:00","article_modified_time":"2026-09-04T11:04:41+00:00","og_image":[{"width":2560,"height":1920,"url":"https:\/\/heklan.is\/wp-content\/uploads\/2026\/06\/20190908_THRAINN_145753-scaled-1.jpg","type":"image\/jpeg"}],"author":"Dagn\u00fd Magg\u00fdjar","twitter_card":"summary_large_image","twitter_misc":{"Written by":"Dagn\u00fd Magg\u00fdjar","Est. reading time":"1 minute"},"schema":{"@context":"https:\/\/schema.org","@graph":[{"@type":"Article","@id":"https:\/\/heklan.is\/2026\/09\/04\/opnad-fyrir-umsoknir-i-uppbyggingarsjod-sudurnesja\/#article","isPartOf":{"@id":"https:\/\/heklan.is\/2026\/09\/04\/opnad-fyrir-umsoknir-i-uppbyggingarsjod-sudurnesja\/"},"author":{"name":"Dagn\u00fd Magg\u00fdjar","@id":"https:\/\/heklan.is\/#\/schema\/person\/c5730cd1337af4ad39ac35bf399fa742"},"headline":"opna\u00f0 fyrir ums\u00f3knir \u00ed Uppbyggingarsj\u00f3\u00f0 Su\u00f0urnesja","datePublished":"2026-09-04T11:04:35+00:00","dateModified":"2026-09-04T11:04:41+00:00","mainEntityOfPage":{"@id":"https:\/\/heklan.is\/2026\/09\/04\/opnad-fyrir-umsoknir-i-uppbyggingarsjod-sudurnesja\/"},"wordCount":153,"publisher":{"@id":"https:\/\/heklan.is\/#organization"},"image":{"@id":"https:\/\/heklan.is\/2026\/09\/04\/opnad-fyrir-umsoknir-i-uppbyggingarsjod-sudurnesja\/#primaryimage"},"thumbnailUrl":"https:\/\/heklan.is\/wp-content\/uploads\/2026\/06\/20190908_THRAINN_145753-scaled-1.jpg","articleSection":["Fr\u00e9ttir"],"inLanguage":"en-US"},{"@type":"WebPage","@id":"https:\/\/heklan.is\/2026\/09\/04\/opnad-fyrir-umsoknir-i-uppbyggingarsjod-sudurnesja\/","url":"https:\/\/heklan.is\/2026\/09\/04\/opnad-fyrir-umsoknir-i-uppbyggingarsjod-sudurnesja\/","name":"opna\u00f0 fyrir ums\u00f3knir \u00ed Uppbyggingarsj\u00f3\u00f0 Su\u00f0urnesja - Heklan atvinnu\u00fer\u00f3un","isPartOf":{"@id":"https:\/\/heklan.is\/#website"},"primaryImageOfPage":{"@id":"https:\/\/heklan.is\/2026\/09\/04\/opnad-fyrir-umsoknir-i-uppbyggingarsjod-sudurnesja\/#primaryimage"},"image":{"@id":"https:\/\/heklan.is\/2026\/09\/04\/opnad-fyrir-umsoknir-i-uppbyggingarsjod-sudurnesja\/#primaryimage"},"thumbnailUrl":"https:\/\/heklan.is\/wp-content\/uploads\/2026\/06\/20190908_THRAINN_145753-scaled-1.jpg","datePublished":"2026-09-04T11:04:35+00:00","dateModified":"2026-09-04T11:04:41+00:00","breadcrumb":{"@id":"https:\/\/heklan.is\/2026\/09\/04\/opnad-fyrir-umsoknir-i-uppbyggingarsjod-sudurnesja\/#breadcrumb"},"inLanguage":"en-US","potentialAction":[{"@type":"ReadAction","target":["https:\/\/heklan.is\/2026\/09\/04\/opnad-fyrir-umsoknir-i-uppbyggingarsjod-sudurnesja\/"]}]},{"@type":"ImageObject","inLanguage":"en-US","@id":"https:\/\/heklan.is\/2026\/09\/04\/opnad-fyrir-umsoknir-i-uppbyggingarsjod-sudurnesja\/#primaryimage","url":"https:\/\/heklan.is\/wp-content\/uploads\/2026\/06\/20190908_THRAINN_145753-scaled-1.jpg","contentUrl":"https:\/\/heklan.is\/wp-content\/uploads\/2026\/06\/20190908_THRAINN_145753-scaled-1.jpg","width":2560,"height":1920},{"@type":"BreadcrumbList","@id":"https:\/\/heklan.is\/2026\/09\/04\/opnad-fyrir-umsoknir-i-uppbyggingarsjod-sudurnesja\/#breadcrumb","itemListElement":[{"@type":"ListItem","position":1,"name":"Home","item":"https:\/\/heklan.is\/"},{"@type":"ListItem","position":2,"name":"opna\u00f0 fyrir ums\u00f3knir \u00ed Uppbyggingarsj\u00f3\u00f0 Su\u00f0urnesja"}]},{"@type":"WebSite","@id":"https:\/\/heklan.is\/#website","url":"https:\/\/heklan.is\/","name":"The Hekla Career Development","description":"","publisher":{"@id":"https:\/\/heklan.is\/#organization"},"alternateName":"Heklan","potentialAction":[{"@type":"SearchAction","target":{"@type":"EntryPoint","urlTemplate":"https:\/\/heklan.is\/?s={search_term_string}"},"query-input":{"@type":"PropertyValueSpecification","valueRequired":true,"valueName":"search_term_string"}}],"inLanguage":"en-US"},{"@type":"Organization","@id":"https:\/\/heklan.is\/#organization","name":"The Hekla Career Development","alternateName":"Heklan","url":"https:\/\/heklan.is\/","logo":{"@type":"ImageObject","inLanguage":"en-US","@id":"https:\/\/heklan.is\/#\/schema\/logo\/image\/","url":"https:\/\/heklan.is\/wp-content\/uploads\/2025\/09\/heklan-logo-dark.png","contentUrl":"https:\/\/heklan.is\/wp-content\/uploads\/2025\/09\/heklan-logo-dark.png","width":700,"height":143,"caption":"Heklan atvinnu\u00fer\u00f3un"},"image":{"@id":"https:\/\/heklan.is\/#\/schema\/logo\/image\/"},"sameAs":["https:\/\/www.facebook.com\/sudurnes"]},{"@type":"Person","@id":"https:\/\/heklan.is\/#\/schema\/person\/c5730cd1337af4ad39ac35bf399fa742","name":"Dagn\u00fd Magg\u00fdjar","image":{"@type":"ImageObject","inLanguage":"en-US","@id":"https:\/\/secure.gravatar.com\/avatar\/48ad841a0252eb6dd325e1aa227c4446dd8bc7156019e6c9a3fb0cbb42e078da?s=96&d=mm&r=g","url":"https:\/\/secure.gravatar.com\/avatar\/48ad841a0252eb6dd325e1aa227c4446dd8bc7156019e6c9a3fb0cbb42e078da?s=96&d=mm&r=g","contentUrl":"https:\/\/secure.gravatar.com\/avatar\/48ad841a0252eb6dd325e1aa227c4446dd8bc7156019e6c9a3fb0cbb42e078da?s=96&d=mm&r=g","caption":"Dagn\u00fd Magg\u00fdjar"}}]}},"_links":{"self":[{"href":"https:\/\/heklan.is\/en\/wp-json\/wp\/v2\/posts\/3234","targetHints":{"allow":["GET"]}}],"collection":[{"href":"https:\/\/heklan.is\/en\/wp-json\/wp\/v2\/posts"}],"about":[{"href":"https:\/\/heklan.is\/en\/wp-json\/wp\/v2\/types\/post"}],"author":[{"embeddable":true,"href":"https:\/\/heklan.is\/en\/wp-json\/wp\/v2\/users\/2"}],"replies":[{"embeddable":true,"href":"https:\/\/heklan.is\/en\/wp-json\/wp\/v2\/comments?post=3234"}],"version-history":[{"count":1,"href":"https:\/\/heklan.is\/en\/wp-json\/wp\/v2\/posts\/3234\/revisions"}],"predecessor-version":[{"id":3235,"href":"https:\/\/heklan.is\/en\/wp-json\/wp\/v2\/posts\/3234\/revisions\/3235"}],"wp:featuredmedia":[{"embeddable":true,"href":"https:\/\/heklan.is\/en\/wp-json\/wp\/v2\/media\/3100"}],"wp:attachment":[{"href":"https:\/\/heklan.is\/en\/wp-json\/wp\/v2\/media?parent=3234"}],"wp:term":[{"taxonomy":"category","embeddable":true,"href":"https:\/\/heklan.is\/en\/wp-json\/wp\/v2\/categories?post=3234"},{"taxonomy":"post_tag","embeddable":true,"href":"https:\/\/heklan.is\/en\/wp-json\/wp\/v2\/tags?post=3234"}],"curies":[{"name":"WordPress","href":"https:\/\/api.w.org\/{rel}","templated":true}]}}